{"id":1180,"date":"2005-09-01T10:02:34","date_gmt":"2005-09-01T09:02:34","guid":{"rendered":"http:\/\/casopisvino.co.rs\/?p=1180"},"modified":"2013-01-14T00:01:41","modified_gmt":"2013-01-13T22:01:41","slug":"odumiranje-jezika-ili-zasto-su-nestale-krcme","status":"publish","type":"post","link":"https:\/\/casopisvino.co.rs\/blog\/kultura\/odumiranje-jezika-ili-zasto-su-nestale-krcme\/","title":{"rendered":"Odumiranje jezika ili: Za\u0161to su nestale kr\u010dme"},"content":{"rendered":"<p>Jezik je u dosluhu sa logikom \u017eivota. Ono \u0161to danas jeste &#8211; sutra ne mora da bude. Kafane su, primera radi, skoro do ju\u010de bile svojevrsne nacionalne institucije, a danas ih gotovo nema. Da ih &#8211; bar \u0161to se Beograda ti\u010de &#8211; nije pobrojao i u knjigu ubele\u017eio (zapisao i opisao) pokojni knji\u017eevnik Sveta Luki\u0107 potomstvo ne bi znalo da su postojale. Jer, kako glasi staro pravilo, ostaje samo ono \u0161to je zapisano!<\/p>\n<p><strong>Mihailo Vujani\u0107<\/strong><\/p>\n<address><span style=\"color: #ff0000;\">\u2014\u2014\u2014<\/span><\/address>\n<address> <span style=\"color: #ff0000;\"><em>Ostatak teksta mo\u017eete pro\u010ditati u \u0161tampanom izdanju<\/em><\/span><\/address>\n","protected":false},"excerpt":{"rendered":"<p>Jezik je u dosluhu sa logikom \u017eivota. Ono \u0161to danas jeste &#8211; sutra ne mora da bude. Kafane su, primera radi, skoro do ju\u010de bile svojevrsne nacionalne institucije, a danas ih gotovo nema. Da ih &#8211; bar \u0161to se Beograda ti\u010de &#8211; nije pobrojao i u knjigu ubele\u017eio (zapisao i opisao) pokojni knji\u017eevnik Sveta Luki\u0107 [&hellip;]<\/p>\n","protected":false},"author":6,"featured_media":0,"comment_status":"closed","ping_status":"closed","sticky":false,"template":"","format":"standard","meta":{"footnotes":""},"categories":[101,233],"tags":[650],"class_list":["post-1180","post","type-post","status-publish","format-standard","hentry","category-kultura","category-vino-14","tag-kultura"],"aioseo_notices":[],"_links":{"self":[{"href":"https:\/\/casopisvino.co.rs\/blog\/wp-json\/wp\/v2\/posts\/1180","targetHints":{"allow":["GET"]}}],"collection":[{"href":"https:\/\/casopisvino.co.rs\/blog\/wp-json\/wp\/v2\/posts"}],"about":[{"href":"https:\/\/casopisvino.co.rs\/blog\/wp-json\/wp\/v2\/types\/post"}],"author":[{"embeddable":true,"href":"https:\/\/casopisvino.co.rs\/blog\/wp-json\/wp\/v2\/users\/6"}],"replies":[{"embeddable":true,"href":"https:\/\/casopisvino.co.rs\/blog\/wp-json\/wp\/v2\/comments?post=1180"}],"version-history":[{"count":3,"href":"https:\/\/casopisvino.co.rs\/blog\/wp-json\/wp\/v2\/posts\/1180\/revisions"}],"predecessor-version":[{"id":2523,"href":"https:\/\/casopisvino.co.rs\/blog\/wp-json\/wp\/v2\/posts\/1180\/revisions\/2523"}],"wp:attachment":[{"href":"https:\/\/casopisvino.co.rs\/blog\/wp-json\/wp\/v2\/media?parent=1180"}],"wp:term":[{"taxonomy":"category","embeddable":true,"href":"https:\/\/casopisvino.co.rs\/blog\/wp-json\/wp\/v2\/categories?post=1180"},{"taxonomy":"post_tag","embeddable":true,"href":"https:\/\/casopisvino.co.rs\/blog\/wp-json\/wp\/v2\/tags?post=1180"}],"curies":[{"name":"wp","href":"https:\/\/api.w.org\/{rel}","templated":true}]}}