{"id":1965,"date":"2012-05-06T21:57:55","date_gmt":"2012-05-06T20:57:55","guid":{"rendered":"http:\/\/casopisvino.co.rs\/?p=1965"},"modified":"2013-01-13T15:09:18","modified_gmt":"2013-01-13T13:09:18","slug":"medunarodno-priznanje-nasoj-novinarki","status":"publish","type":"post","link":"https:\/\/casopisvino.co.rs\/blog\/novosti\/medunarodno-priznanje-nasoj-novinarki\/","title":{"rendered":"Me\u0111unarodno priznanje na\u0161oj novinarki"},"content":{"rendered":"<p>Na\u0161a saradnica Milica Ostoji\u0107, koja \u017eivi i radi u Rimu, osvojila je nedavno zna\u010dajnu novinarsku nagradu na Me\u0111unarodnom konkursu Regionalnog instituta za vinogradarstvo i vino iz Palerma. Konkurs je raspisan na me\u0111unarodnom nivou, sa ciljem da promovi\u0161e Siciliju, njenu kulturu, istoriju, tradiciju i vino.<!--more--><br \/>\n<img loading=\"lazy\" decoding=\"async\" class=\"alignleft  wp-image-1966\" style=\"margin: 5px;\" title=\"Milica_Ostojic\" src=\"http:\/\/casopisvino.co.rs\/blog\/wp-content\/uploads\/2012\/05\/Milica_Ostojic-162x300.jpg\" alt=\"\" width=\"135\" height=\"251\" \/>Nagrade na ovom konkursu razvrstane su u osam razli\u010ditih kategorija i to: za tekstove objavljene u dnevnom listu, radio emisiji, tv emisiji, nedeljniku, on-line novini, stru\u010dnom \u010dasopisu, \u010dasopisu za modu i periodi\u010dnom magazinu. Pravo da konkuri\u0161u imali su samo strani novinari koji su objavili tekstove sa temom pod zajedni\u010dkim naslovom \u201eSicilija &#8211; mediteranska zemlja\u201c. Na\u0161oj saradnici Milici Ostoji\u0107 ovu zna\u010dajnu nagradu dodelio je kompetentni me\u0111unarodni \u017eiri sastavljen od poznatih novinara iz nekoliko zemalja (\u0160panije, Japana, Nema\u010dke) kao i uglednih italijanskih stru\u010dnjaka za enokulturu za tekst<a title=\"Vina sa ukusom vulkana\" href=\"http:\/\/casopisvino.co.rs\/posetili-smo\/vina-sa-ukusom-vulkana\/\"> \u201cVina sa ukusom vulkana\u201d<\/a>, koji je objavljen u \u010dasopisu VINO (br. 31, 2011). Dobitnicima iz sedam razli\u010ditih zemalja nagrade su uru\u010dene u Palermu. U obrazlo\u017eenju je navedeno i to da je Milica Ostoji\u0107 \u201eopisala sicilijansku realnost, otkriv\u0161i nam na novinarski specifi\u010dan na\u010din Etnu i njena vina i imenuju\u0107i ovu zemlju kao jedinu u kojoj postoji pet godi\u0161njih doba. Peto je doba iznenadne vatre vulkana zbog koga su vina sa njegovog podru\u010dja osobena. Tekst Milice Ostoji\u0107 odi\u0161e toplinom i ljubavlju prema ovoj teritoriji. \u010citaocima u Srbiji i svuda gde se govori i pi\u0161e srpskim jezikom iznela je mnoge pojedinosti koje mo\u017eda o Siciliji nisu znali\u201c.<br \/>\nMilica Ostoji\u0107 oti\u0161la je u Rim nakon bombardovanja RTS 1999. godine. Pamtimo je kao urednika u redakciji \u201eAktuelnosti\u201c Informativnog programa Prvog programa RTS-a kao i voditelja brojnih emisija, me\u0111u kojima se posebno isti\u010du \u201eRazgovor s povodom\u201c i \u201eOtvoreni studio\u201c. U Rimu je radila kao dopisnik Tanjuga i TV Vojvodine (za Dnevnik u 17 sati sa RTS). Osam godina saradnik je Radakcije za srpski jezik u RAI International. U Italiji pi\u0161e za nekoliko \u010dasopisa i bavi se prevo\u0111enjem.<\/p>\n","protected":false},"excerpt":{"rendered":"<p>Na\u0161a saradnica Milica Ostoji\u0107, koja \u017eivi i radi u Rimu, osvojila je nedavno zna\u010dajnu novinarsku nagradu na Me\u0111unarodnom konkursu Regionalnog instituta za vinogradarstvo i vino iz Palerma. Konkurs je raspisan na me\u0111unarodnom nivou, sa ciljem da promovi\u0161e Siciliju, njenu kulturu, istoriju, tradiciju i vino.<\/p>\n","protected":false},"author":6,"featured_media":0,"comment_status":"closed","ping_status":"open","sticky":false,"template":"","format":"standard","meta":{"footnotes":""},"categories":[3,603],"tags":[610],"class_list":["post-1965","post","type-post","status-publish","format-standard","hentry","category-novosti","category-vino-33","tag-milica-ostojic"],"aioseo_notices":[],"_links":{"self":[{"href":"https:\/\/casopisvino.co.rs\/blog\/wp-json\/wp\/v2\/posts\/1965","targetHints":{"allow":["GET"]}}],"collection":[{"href":"https:\/\/casopisvino.co.rs\/blog\/wp-json\/wp\/v2\/posts"}],"about":[{"href":"https:\/\/casopisvino.co.rs\/blog\/wp-json\/wp\/v2\/types\/post"}],"author":[{"embeddable":true,"href":"https:\/\/casopisvino.co.rs\/blog\/wp-json\/wp\/v2\/users\/6"}],"replies":[{"embeddable":true,"href":"https:\/\/casopisvino.co.rs\/blog\/wp-json\/wp\/v2\/comments?post=1965"}],"version-history":[{"count":2,"href":"https:\/\/casopisvino.co.rs\/blog\/wp-json\/wp\/v2\/posts\/1965\/revisions"}],"predecessor-version":[{"id":2236,"href":"https:\/\/casopisvino.co.rs\/blog\/wp-json\/wp\/v2\/posts\/1965\/revisions\/2236"}],"wp:attachment":[{"href":"https:\/\/casopisvino.co.rs\/blog\/wp-json\/wp\/v2\/media?parent=1965"}],"wp:term":[{"taxonomy":"category","embeddable":true,"href":"https:\/\/casopisvino.co.rs\/blog\/wp-json\/wp\/v2\/categories?post=1965"},{"taxonomy":"post_tag","embeddable":true,"href":"https:\/\/casopisvino.co.rs\/blog\/wp-json\/wp\/v2\/tags?post=1965"}],"curies":[{"name":"wp","href":"https:\/\/api.w.org\/{rel}","templated":true}]}}