{"id":2545,"date":"2013-05-25T16:48:47","date_gmt":"2013-05-25T14:48:47","guid":{"rendered":"http:\/\/casopisvino.co.rs\/?p=2545"},"modified":"2013-11-19T11:06:55","modified_gmt":"2013-11-19T09:06:55","slug":"interfest-2013-odrzace-se-krajem-juna","status":"publish","type":"post","link":"https:\/\/casopisvino.co.rs\/blog\/novosti\/interfest-2013-odrzace-se-krajem-juna\/","title":{"rendered":"Festival Interfest 2013 u Novom Sadu"},"content":{"rendered":"<p><img loading=\"lazy\" decoding=\"async\" class=\"alignleft size-full wp-image-1827\" style=\"border: 0px none;\" alt=\"Interfest\" src=\"http:\/\/casopisvino.co.rs\/blog\/wp-content\/uploads\/2011\/06\/interfest_2011.jpg\" width=\"86\" height=\"101\" srcset=\"https:\/\/casopisvino.co.rs\/blog\/wp-content\/uploads\/2011\/06\/interfest_2011.jpg 256w, https:\/\/casopisvino.co.rs\/blog\/wp-content\/uploads\/2011\/06\/interfest_2011-254x300.jpg 254w\" sizes=\"auto, (max-width: 86px) 100vw, 86px\" \/>Najve\u0107i me\u0111unarodni festival vina u regionu &#8222;Interfest&#8220; koji slavi desetogodi\u0161njicu postojanja odr\u017ea\u0107e se od 20. do 22. juna na Trgu Slobode u Novom Sadu. Festival okuplja proizvo\u0111a\u010de vina, turisti\u010dke organizacije i sve one koji se bave proizvodnjom, distribucijom i promocijom vina. O\u010dekuje se nastup oko sto izlaga\u010da iz Srbije i inostranstva.<\/p>\n","protected":false},"excerpt":{"rendered":"<p>Najve\u0107i me\u0111unarodni festival vina u regionu &#8222;Interfest&#8220; koji slavi desetogodi\u0161njicu postojanja odr\u017ea\u0107e se od 20. do 22. juna na Trgu Slobode u Novom Sadu. Festival okuplja proizvo\u0111a\u010de vina, turisti\u010dke organizacije i sve one koji se bave proizvodnjom, distribucijom i promocijom vina. O\u010dekuje se nastup oko sto izlaga\u010da iz Srbije i inostranstva.<\/p>\n","protected":false},"author":8,"featured_media":0,"comment_status":"closed","ping_status":"open","sticky":false,"template":"","format":"standard","meta":{"footnotes":""},"categories":[3],"tags":[],"class_list":["post-2545","post","type-post","status-publish","format-standard","hentry","category-novosti"],"aioseo_notices":[],"_links":{"self":[{"href":"https:\/\/casopisvino.co.rs\/blog\/wp-json\/wp\/v2\/posts\/2545","targetHints":{"allow":["GET"]}}],"collection":[{"href":"https:\/\/casopisvino.co.rs\/blog\/wp-json\/wp\/v2\/posts"}],"about":[{"href":"https:\/\/casopisvino.co.rs\/blog\/wp-json\/wp\/v2\/types\/post"}],"author":[{"embeddable":true,"href":"https:\/\/casopisvino.co.rs\/blog\/wp-json\/wp\/v2\/users\/8"}],"replies":[{"embeddable":true,"href":"https:\/\/casopisvino.co.rs\/blog\/wp-json\/wp\/v2\/comments?post=2545"}],"version-history":[{"count":3,"href":"https:\/\/casopisvino.co.rs\/blog\/wp-json\/wp\/v2\/posts\/2545\/revisions"}],"predecessor-version":[{"id":2624,"href":"https:\/\/casopisvino.co.rs\/blog\/wp-json\/wp\/v2\/posts\/2545\/revisions\/2624"}],"wp:attachment":[{"href":"https:\/\/casopisvino.co.rs\/blog\/wp-json\/wp\/v2\/media?parent=2545"}],"wp:term":[{"taxonomy":"category","embeddable":true,"href":"https:\/\/casopisvino.co.rs\/blog\/wp-json\/wp\/v2\/categories?post=2545"},{"taxonomy":"post_tag","embeddable":true,"href":"https:\/\/casopisvino.co.rs\/blog\/wp-json\/wp\/v2\/tags?post=2545"}],"curies":[{"name":"wp","href":"https:\/\/api.w.org\/{rel}","templated":true}]}}