{"id":788,"date":"2007-07-01T12:35:48","date_gmt":"2007-07-01T11:35:48","guid":{"rendered":"http:\/\/casopisvino.co.rs\/?p=788"},"modified":"2013-01-13T23:52:34","modified_gmt":"2013-01-13T21:52:34","slug":"zasluzeno-na-vinskom-tronu","status":"publish","type":"post","link":"https:\/\/casopisvino.co.rs\/blog\/predstavljamo\/zasluzeno-na-vinskom-tronu\/","title":{"rendered":"Zaslu\u017eeno na vinskom tronu"},"content":{"rendered":"<h4><span style=\"color: #800000;\">\u0160EZDESET GODINA VINAKOPER<\/span><\/h4>\n<p><img loading=\"lazy\" decoding=\"async\" class=\"alignleft size-medium wp-image-789\" style=\"margin: 5px;\" title=\"Vina KOPER\" src=\"http:\/\/casopisvino.co.rs\/blog\/wp-content\/uploads\/2010\/01\/vina-koper-300x293.jpg\" alt=\"\" width=\"208\" height=\"204\" srcset=\"https:\/\/casopisvino.co.rs\/blog\/wp-content\/uploads\/2010\/01\/vina-koper-300x293.jpg 300w, https:\/\/casopisvino.co.rs\/blog\/wp-content\/uploads\/2010\/01\/vina-koper-1024x1002.jpg 1024w, https:\/\/casopisvino.co.rs\/blog\/wp-content\/uploads\/2010\/01\/vina-koper.jpg 1796w\" sizes=\"auto, (max-width: 208px) 100vw, 208px\" \/>Kopar je prestonica Slovena\u010dke Istre a\u00a0 <a href=\"http:\/\/www.vinakoper.si\" target=\"_blank\">VINAKOPER<\/a> su najuzdignutiji, najpoznatiji\u00a0 vinski tron u Kopru, \u010dijih\u00a0 je 60 godina postojanja sve\u010dano obele\u017eeno\u00a0 20. aprila ove godine otvaranjem novog prodajno-degustacionog objekta. Sve\u010dano je otvorena &#8222;Ku\u0107a Refo\u0161ka&#8220;,\u00a0 \u010dime je postavljen jo\u0161 jedan, novi i prepoznatljiv\u00a0 znak ovog uglednog vinskog podruma\u00a0 koji u svom vlasni\u0161tvu ima najve\u0107u povr\u0161inu vinograda u Sloveniji (570 ha).<\/p>\n<p><strong>dr Zoran Pavlovi\u0107<\/strong><\/p>\n<address>\u2014\u2014\u2014<\/address>\n<address> <em>Ostatak teksta mo\u017eete pro\u010ditati u \u0161tampanom izdanju<\/em><\/address>\n","protected":false},"excerpt":{"rendered":"<p>\u0160EZDESET GODINA VINAKOPER Kopar je prestonica Slovena\u010dke Istre a\u00a0 VINAKOPER su najuzdignutiji, najpoznatiji\u00a0 vinski tron u Kopru, \u010dijih\u00a0 je 60 godina postojanja sve\u010dano obele\u017eeno\u00a0 20. aprila ove godine otvaranjem novog prodajno-degustacionog objekta. Sve\u010dano je otvorena &#8222;Ku\u0107a Refo\u0161ka&#8220;,\u00a0 \u010dime je postavljen jo\u0161 jedan, novi i prepoznatljiv\u00a0 znak ovog uglednog vinskog podruma\u00a0 koji u svom vlasni\u0161tvu ima [&hellip;]<\/p>\n","protected":false},"author":6,"featured_media":0,"comment_status":"closed","ping_status":"closed","sticky":false,"template":"","format":"standard","meta":{"footnotes":""},"categories":[137,227],"tags":[50,49,122,330],"class_list":["post-788","post","type-post","status-publish","format-standard","hentry","category-predstavljamo","category-vino-20","tag-istra","tag-kopar","tag-slovenija","tag-vina-koper"],"aioseo_notices":[],"_links":{"self":[{"href":"https:\/\/casopisvino.co.rs\/blog\/wp-json\/wp\/v2\/posts\/788","targetHints":{"allow":["GET"]}}],"collection":[{"href":"https:\/\/casopisvino.co.rs\/blog\/wp-json\/wp\/v2\/posts"}],"about":[{"href":"https:\/\/casopisvino.co.rs\/blog\/wp-json\/wp\/v2\/types\/post"}],"author":[{"embeddable":true,"href":"https:\/\/casopisvino.co.rs\/blog\/wp-json\/wp\/v2\/users\/6"}],"replies":[{"embeddable":true,"href":"https:\/\/casopisvino.co.rs\/blog\/wp-json\/wp\/v2\/comments?post=788"}],"version-history":[{"count":2,"href":"https:\/\/casopisvino.co.rs\/blog\/wp-json\/wp\/v2\/posts\/788\/revisions"}],"predecessor-version":[{"id":2436,"href":"https:\/\/casopisvino.co.rs\/blog\/wp-json\/wp\/v2\/posts\/788\/revisions\/2436"}],"wp:attachment":[{"href":"https:\/\/casopisvino.co.rs\/blog\/wp-json\/wp\/v2\/media?parent=788"}],"wp:term":[{"taxonomy":"category","embeddable":true,"href":"https:\/\/casopisvino.co.rs\/blog\/wp-json\/wp\/v2\/categories?post=788"},{"taxonomy":"post_tag","embeddable":true,"href":"https:\/\/casopisvino.co.rs\/blog\/wp-json\/wp\/v2\/tags?post=788"}],"curies":[{"name":"wp","href":"https:\/\/api.w.org\/{rel}","templated":true}]}}